{"id":1134,"date":"2022-06-15T23:50:45","date_gmt":"2022-06-15T21:50:45","guid":{"rendered":"http:\/\/art-anima.com\/festival\/?p=1134"},"modified":"2022-06-15T23:50:45","modified_gmt":"2022-06-15T21:50:45","slug":"promocija-zbirke-horor-prica-divlja-kapela-dejana-ognjanovica","status":"publish","type":"post","link":"http:\/\/art-anima.com\/festival\/2022\/06\/promocija-zbirke-horor-prica-divlja-kapela-dejana-ognjanovica\/","title":{"rendered":"Promocija zbirke horor pri\u010da \u201eDivlja kapela\u201c Dejana Ognjanovi\u0107a"},"content":{"rendered":"<p style=\"text-align: justify;\"><strong>Datum i vreme<\/strong>: Utorak, 05. jul 2022, 20.20h<br \/>\n<strong>Mesto<\/strong>: Klub galerija Polet (Cetinjska 15, Beograd)<br \/>\n<strong>U\u010destvuju<\/strong>:\u00a0Dejan Ognjanovi\u0107, Ana Marija Grbi\u0107 i\u00a0Igor Stanojevi\u0107<\/p>\n<p>Nakon tri objavljena romana, <strong>Dejan Ognjanovi\u0107<\/strong> se predstavlja svojom prvom zbirkom pri\u010da. Sadr\u017eaj \u010dini pet pripovedaka: \u201eDivlja kapela\u201c, \u201eCrni \u010dovek\u201c, \u201eNo\u0107enje\u201c, \u201eSekta prljavih\u201c i \u201eMlade\u017e\u201c. Koncept koji ih objedinjuje jeste pod\u017eanr tzv.\u00a0folk horora, odnosno\u00a0ruralne strave, \u010desto inspirisane srpskim paganskim nasle\u0111em, ponegde iznova osmi\u0161ljenim u sudaru ruralnog i urbanog. Moglo bi se re\u0107i da sve ove pri\u010de opisuju zemlju ozbiljno poljuljanih vrednosti, nejasne pro\u0161losti i neizvesne budu\u0107nosti, zemlju sve izra\u017eenije jalovosti, raspadanja, pusto\u0161i, zemlju starih i izumiru\u0107ih, obuzetu bezna\u0111em i ne\u017eivotom\u2026 Iz drevnog tla, iz ru\u0161evina, tvr\u0111ava, starih sela, \u0161uma&#8230; na putevima i drumovima, u bespu\u0107ima&#8230; izviru opipljivi izaslanici neupokojene pro\u0161losti.<\/p>\n<p style=\"text-align: justify;\"><strong>Dejan Ognjanovi\u0107<\/strong>\u00a0(1973) je pisac, filmski i knji\u017eevni kriti\u010dar, urednik, prevodilac, esejista. Objavio vi\u0161e knjiga o hororu u knji\u017eevnosti i na filmu, uklju\u010duju\u0107i doktorat\u00a0<em>Poetika horora<\/em>\u00a0(2014).\u00a0Objavio je je tri romana\u00a0\u2013 <em>Na\u017eivo\u00a0<\/em>(2003; 2010; 2019),\u00a0<em>Zavodnik<\/em>\u00a0(2014; 2015) i\u00a0<em>Prokletije<\/em>\u00a0(2021) i zbirku pri\u010da <em>Divlja kapela <\/em>(2022). Priredio antologiju H. F. Lavkrafta,\u00a0<em>Nekronomikon<\/em>\u00a0(2008; 2012; 2018). Ko-urednik je edicije \u201ePoetika strave\u201c u\u00a0<em>Orfelinu<\/em>. Njegove pri\u010de su uvr\u0161tene u brojne doma\u0107e antologije. Njegovi eseji objavljivani su u stru\u010dnim zbornicima u SAD (<em>Speaking of Monsters,\u00a0<\/em>2012;\u00a0<em>Digital Horror,\u00a0<\/em>2015). \u00a0Od 2009. je urednik bloga\u00a0<em>The Cult of Ghoul<\/em>\u00a0(<a href=\"http:\/\/cultofghoul.blogspot.com\">http:\/\/cultofghoul.blogspot.com<\/a>). Od 2010. godine je stalni saradnik vode\u0107eg svetskog horor magazina\u00a0<em>Rue Morgue<\/em>\u00a0za koji pi\u0161e knji\u017eevne i filmske prikaze i \u010dlanke. Za esej \u201eTri paradigme horora\u201c (The Three Paradigms of Horror), koji je krajem 2021. godine\u00a0 objavljen u knji\u017eevnom \u010dasopisu \u201eVastarien\u201c noominovan je za nagradu \u201eBrem Stoker\u201c, presti\u017eno priznanje ameri\u010dkog Udru\u017eenja pisaca horora (Horror Writers Association, HWA)<\/p>\n","protected":false},"excerpt":{"rendered":"<p>Utorak, 05. jul 2022, 20.20h<\/p>\n","protected":false},"author":1,"featured_media":1136,"comment_status":"open","ping_status":"open","sticky":false,"template":"","format":"standard","meta":{"footnotes":""},"categories":[3,1],"tags":[85,24,105,89],"class_list":["post-1134","post","type-post","status-publish","format-standard","has-post-thumbnail","hentry","category-najave","category-vesti","tag-ana-marija-grbic","tag-dejan-ognjanovic","tag-divlja-kapela","tag-igor-stanojevic"],"_links":{"self":[{"href":"http:\/\/art-anima.com\/festival\/wp-json\/wp\/v2\/posts\/1134"}],"collection":[{"href":"http:\/\/art-anima.com\/festival\/wp-json\/wp\/v2\/posts"}],"about":[{"href":"http:\/\/art-anima.com\/festival\/wp-json\/wp\/v2\/types\/post"}],"author":[{"embeddable":true,"href":"http:\/\/art-anima.com\/festival\/wp-json\/wp\/v2\/users\/1"}],"replies":[{"embeddable":true,"href":"http:\/\/art-anima.com\/festival\/wp-json\/wp\/v2\/comments?post=1134"}],"version-history":[{"count":1,"href":"http:\/\/art-anima.com\/festival\/wp-json\/wp\/v2\/posts\/1134\/revisions"}],"predecessor-version":[{"id":1137,"href":"http:\/\/art-anima.com\/festival\/wp-json\/wp\/v2\/posts\/1134\/revisions\/1137"}],"wp:featuredmedia":[{"embeddable":true,"href":"http:\/\/art-anima.com\/festival\/wp-json\/wp\/v2\/media\/1136"}],"wp:attachment":[{"href":"http:\/\/art-anima.com\/festival\/wp-json\/wp\/v2\/media?parent=1134"}],"wp:term":[{"taxonomy":"category","embeddable":true,"href":"http:\/\/art-anima.com\/festival\/wp-json\/wp\/v2\/categories?post=1134"},{"taxonomy":"post_tag","embeddable":true,"href":"http:\/\/art-anima.com\/festival\/wp-json\/wp\/v2\/tags?post=1134"}],"curies":[{"name":"wp","href":"https:\/\/api.w.org\/{rel}","templated":true}]}}