{"id":845,"date":"2018-05-22T08:55:25","date_gmt":"2018-05-22T06:55:25","guid":{"rendered":"http:\/\/art-anima.com\/festival\/?p=845"},"modified":"2018-05-24T22:20:06","modified_gmt":"2018-05-24T20:20:06","slug":"845","status":"publish","type":"post","link":"http:\/\/art-anima.com\/festival\/2018\/05\/845\/","title":{"rendered":"Permanentna revolucija \u2013 feminizam anarhija i utopija u delu Ursule Le Gvin"},"content":{"rendered":"<p><strong>Petak, 01. jun 2018. (18h)<\/strong><br \/>\n<strong>Sve\u010dana sala Op\u0161tina Vra\u010dar<\/strong><\/p>\n<p><strong>U\u010desnici: Artea Panajotovi\u0107 i Jelena Jokanovi\u0107. Moderatorka: Na\u0111a Bobi\u010di\u0107.<\/strong><\/p>\n<p style=\"text-align: justify;\">Fokus diskusije bi\u0107e na spoju politi\u010dkog i knji\u017eevnog u delu Ursule Le Gvin koja je kao feministkinja promi\u0161ljala o nekim od klju\u010dnih pitanja u vezi sa polo\u017eajem \u017eena i \u0161ire sa konstrukcijom rodnih uloga. Kao anarhistkinja zami\u0161ljala je razli\u010dite verzije dru\u0161tvenih ure\u0111enja kako bi prona\u0161la ono dru\u0161tvo koje bi najbolje odgovaralo anarhisti\u010dkim principima. Zbog toga klju\u010dna re\u010d ovog razgovora bi\u0107e: revolucija. Razgovara\u0107emo o tome \u0161ta sve predstavlja revolucija za Ursulu Le Gvin i kako ona obja\u0161njava mogu\u0107nost dru\u0161tvenih promena i perspektive levih politika. S druge strane, govori\u0107emo i o tome \u0161ta se sve u samom na\u010dinu njenog pisanja, kao i odabiru tema i pristupu, mo\u017ee \u010ditati kao revolucionarno u njenom opusu.<\/p>\n<p><strong>U\u010desnice:<\/strong><\/p>\n<p>Artea Panajotovi\u0107 \u2013 odbranila tezu o daoizmu u delu Ursule Le Gvin na Filolo\u0161kom fakultetu<\/p>\n<p>Jelena Jokanovi\u0107 \u2013 prevoditeljka i organizatorka fanovskih konvencija<\/p>\n<p><strong>Moderatorka:<\/strong><\/p>\n<p>Na\u0111a Bobi\u010di\u0107 \u2013 feministkinja i knji\u017eevna kriti\u010darka<\/p>\n","protected":false},"excerpt":{"rendered":"<p>Petak, 01. jun 2018. (18h) &#8211; Sve\u010dana sala Op\u0161tine Vra\u010dar.<\/p>\n","protected":false},"author":1,"featured_media":846,"comment_status":"open","ping_status":"open","sticky":false,"template":"","format":"standard","meta":{"footnotes":""},"categories":[3,1],"tags":[],"class_list":["post-845","post","type-post","status-publish","format-standard","has-post-thumbnail","hentry","category-najave","category-vesti"],"_links":{"self":[{"href":"http:\/\/art-anima.com\/festival\/wp-json\/wp\/v2\/posts\/845"}],"collection":[{"href":"http:\/\/art-anima.com\/festival\/wp-json\/wp\/v2\/posts"}],"about":[{"href":"http:\/\/art-anima.com\/festival\/wp-json\/wp\/v2\/types\/post"}],"author":[{"embeddable":true,"href":"http:\/\/art-anima.com\/festival\/wp-json\/wp\/v2\/users\/1"}],"replies":[{"embeddable":true,"href":"http:\/\/art-anima.com\/festival\/wp-json\/wp\/v2\/comments?post=845"}],"version-history":[{"count":8,"href":"http:\/\/art-anima.com\/festival\/wp-json\/wp\/v2\/posts\/845\/revisions"}],"predecessor-version":[{"id":877,"href":"http:\/\/art-anima.com\/festival\/wp-json\/wp\/v2\/posts\/845\/revisions\/877"}],"wp:featuredmedia":[{"embeddable":true,"href":"http:\/\/art-anima.com\/festival\/wp-json\/wp\/v2\/media\/846"}],"wp:attachment":[{"href":"http:\/\/art-anima.com\/festival\/wp-json\/wp\/v2\/media?parent=845"}],"wp:term":[{"taxonomy":"category","embeddable":true,"href":"http:\/\/art-anima.com\/festival\/wp-json\/wp\/v2\/categories?post=845"},{"taxonomy":"post_tag","embeddable":true,"href":"http:\/\/art-anima.com\/festival\/wp-json\/wp\/v2\/tags?post=845"}],"curies":[{"name":"wp","href":"https:\/\/api.w.org\/{rel}","templated":true}]}}