{"id":953,"date":"2021-06-09T20:04:35","date_gmt":"2021-06-09T18:04:35","guid":{"rendered":"http:\/\/art-anima.com\/festival\/?p=953"},"modified":"2021-06-09T20:04:35","modified_gmt":"2021-06-09T18:04:35","slug":"promocija-strip-serijala-providens-alana-mura","status":"publish","type":"post","link":"http:\/\/art-anima.com\/festival\/2021\/06\/promocija-strip-serijala-providens-alana-mura\/","title":{"rendered":"Promocija strip serijala &#8221;Providens&#8221; Alana Mura"},"content":{"rendered":"<p><strong>Datum i vreme<\/strong>: Subota, 01. jun 2019, 19.00h<br \/>\n<strong>Mesto<\/strong>: Klub galerija Polet (Cetinjska 15, Beograd)<br \/>\n<strong>U\u010destvuju<\/strong>:\u00a0Goran Skrobonja, Nikola Dragomirovi\u0107, Darko Tu\u0161evljakovi\u0107<\/p>\n<p>Volite li <strong>Mura<\/strong>? Pla\u0161i li vas <strong>Lavkraft<\/strong>? Ili mo\u017eda obrnuto? Jedan od najzna\u010dajnijih stripskih autora dana\u0161njice dao je svoj doprinos <strong>mitu o Ktuluu<\/strong> i time odao po\u010dast jednom od najzna\u010dajnijih autora knji\u017eevnosti strave. <strong>Goran Skrobonja<\/strong>, jedan od najzna\u010dajnijih srpskih pisaca strave prevodio je to ostvarenje i rado \u0107e podeliti svoje utiske o tome s publikom, a <strong>Nikola Dragomirovi\u0107<\/strong>, jedan od najve\u0107ih poznavalaca stripa u nas, rado \u0107e mu se pridru\u017eiti i ponuditi svoj pogled na Murov\/Lavkraftov zastra\u0161uju\u0107i i zastra\u0161uju\u0107e primamljivi univerzum.<\/p>\n<p style=\"text-align: center;\"><strong>O U\u010cESNICIMA<\/strong><\/p>\n<div id=\"attachment_13807\" style=\"width: 210px\" class=\"wp-caption aligncenter\"><img loading=\"lazy\" decoding=\"async\" aria-describedby=\"caption-attachment-13807\" class=\"size-full wp-image-13807\" src=\"http:\/\/www.art-anima.com\/wp-content\/uploads\/2019\/05\/goran-skrobonja.jpg\" alt=\"Goran Skrobonja\" width=\"200\" height=\"200\" \/><p id=\"caption-attachment-13807\" class=\"wp-caption-text\">Goran Skrobonja<\/p><\/div>\n<p><strong>Goran Skrobonja<\/strong> (Beograd, 1962), pisac fantastike, strip scenarista, prevodilac, urednik i izdava\u010d. Diplomirao je na Pravnom fakultetu Univerziteta u Beogradu. Objavio romane <strong><em>Nakot<\/em> <\/strong>(1993), <strong><em>\u010covek koji je ubio Teslu<\/em><\/strong> (2010) i <strong><em>Sva Teslina deca<\/em><\/strong> (2014), kao i zbirke <em><strong>Od \u0161apata do vriska<\/strong><\/em> (1996), <strong><em>\u0160ilom u \u010delo<\/em><\/strong> (2000), <strong><em>Tihi gradovi<\/em> <\/strong>(2007) i <strong><em>Poklade<\/em><\/strong> (2014). Autor je <em><strong>Bleferskog vodi\u010da kroz horor<\/strong> <\/em>(1995) i koautor grafi\u010dkog romana <em><strong>To\u010dak<\/strong> <\/em>(<em>La Rue<\/em>, 2000, nagrada BEDECOUVERT). Priredio je vi\u0161e antologija horor i SF pripovetke. Preveo je veliki broj knjiga me\u0111u kojima i zna\u010dajan deo opusa <strong>Dena Simonsa<\/strong>, <strong>Stivena Kinga<\/strong>, <strong>Ijana Mekdonalda<\/strong>&#8230;<\/p>\n<div id=\"attachment_13808\" style=\"width: 210px\" class=\"wp-caption aligncenter\"><img loading=\"lazy\" decoding=\"async\" aria-describedby=\"caption-attachment-13808\" class=\"size-full wp-image-13808\" src=\"http:\/\/www.art-anima.com\/wp-content\/uploads\/2019\/05\/Nikola-Dragomirovic.jpg\" alt=\"Nikola Dragomirovi\u0107\" width=\"200\" height=\"200\" \/><p id=\"caption-attachment-13808\" class=\"wp-caption-text\">Nikola Dragomirovi\u0107<\/p><\/div>\n<p><strong>Nikola Dragomirovi\u0107<\/strong> (Beograd, 1977), arheolog, strip kriti\u010dar i novinar iz Beograda. Vi\u0161egodi\u0161nji saradnik nedeljnika <strong><em>Vreme<\/em><\/strong>, <strong><em>Politikinog Zabavnika<\/em><\/strong> i portala <strong><em>HellyCherry<\/em><\/strong>. Redovno pi\u0161e o stripu za \u010dasopis <strong><em>Elementi<\/em><\/strong> Centra za promociju nauke i hrvatski <strong><em>Kvadrat<\/em><\/strong> iz Bizovca. Autor je vi\u0161e pogovora i stru\u010dnih tekstova u izdanjima doma\u0107ih strip-izdava\u010da.<\/p>\n<div id=\"attachment_13809\" style=\"width: 210px\" class=\"wp-caption aligncenter\"><img loading=\"lazy\" decoding=\"async\" aria-describedby=\"caption-attachment-13809\" class=\"size-full wp-image-13809\" src=\"http:\/\/www.art-anima.com\/wp-content\/uploads\/2019\/05\/Darko-Tusevljakovic-3.jpg\" alt=\"Darko Tu\u0161evljakovi\u0107\" width=\"200\" height=\"200\" \/><p id=\"caption-attachment-13809\" class=\"wp-caption-text\">Darko Tu\u0161evljakovi\u0107<\/p><\/div>\n<p><strong>Darko Tu\u0161evljakovi\u0107<\/strong> ro\u0111en je u Zenici 1978. godine. Od 2002. objavljuje kra\u0107u i du\u017eu prozu u raznim doma\u0107im i regionalnim \u010dasopisima i antologijama. Godine 2004. dobija nagradu <strong>\u201eLazar Komar\u010di\u0107\u201c<\/strong> za najbolju novelu. Objavio je romane\u00a0<strong><em>Senka na\u0161e \u017eelje<\/em>\u00a0<\/strong>(2010) i\u00a0<strong><em>Jaz<\/em>\u00a0<\/strong>(2016, u\u017ei izbor za Ninovu nagradu), kao i knjige pri\u010da\u00a0<strong><em>Ljudske vibracije<\/em><\/strong>\u00a0(2013, naju\u017ei izbor za knji\u017eevnu nagradu <strong>\u201eZlatni suncokret\u201c<\/strong>) i\u00a0<strong><em>Naknadne istine\u00a0<\/em><\/strong>(2017, naju\u017ei izbor za <strong>Andri\u0107evu nagradu<\/strong>). Godine 2017. dobio je <strong>Evropsku nagradu za knji\u017eevnost<\/strong> za roman\u00a0<em>Jaz<\/em>. \u017divi u Beogradu.<\/p>\n","protected":false},"excerpt":{"rendered":"<p>Subota, 01. jun 2019, 19.00h<\/p>\n","protected":false},"author":1,"featured_media":954,"comment_status":"open","ping_status":"open","sticky":false,"template":"","format":"standard","meta":{"footnotes":""},"categories":[3,1],"tags":[],"class_list":["post-953","post","type-post","status-publish","format-standard","has-post-thumbnail","hentry","category-najave","category-vesti"],"_links":{"self":[{"href":"http:\/\/art-anima.com\/festival\/wp-json\/wp\/v2\/posts\/953"}],"collection":[{"href":"http:\/\/art-anima.com\/festival\/wp-json\/wp\/v2\/posts"}],"about":[{"href":"http:\/\/art-anima.com\/festival\/wp-json\/wp\/v2\/types\/post"}],"author":[{"embeddable":true,"href":"http:\/\/art-anima.com\/festival\/wp-json\/wp\/v2\/users\/1"}],"replies":[{"embeddable":true,"href":"http:\/\/art-anima.com\/festival\/wp-json\/wp\/v2\/comments?post=953"}],"version-history":[{"count":1,"href":"http:\/\/art-anima.com\/festival\/wp-json\/wp\/v2\/posts\/953\/revisions"}],"predecessor-version":[{"id":955,"href":"http:\/\/art-anima.com\/festival\/wp-json\/wp\/v2\/posts\/953\/revisions\/955"}],"wp:featuredmedia":[{"embeddable":true,"href":"http:\/\/art-anima.com\/festival\/wp-json\/wp\/v2\/media\/954"}],"wp:attachment":[{"href":"http:\/\/art-anima.com\/festival\/wp-json\/wp\/v2\/media?parent=953"}],"wp:term":[{"taxonomy":"category","embeddable":true,"href":"http:\/\/art-anima.com\/festival\/wp-json\/wp\/v2\/categories?post=953"},{"taxonomy":"post_tag","embeddable":true,"href":"http:\/\/art-anima.com\/festival\/wp-json\/wp\/v2\/tags?post=953"}],"curies":[{"name":"wp","href":"https:\/\/api.w.org\/{rel}","templated":true}]}}