{"id":965,"date":"2021-06-09T20:12:29","date_gmt":"2021-06-09T18:12:29","guid":{"rendered":"http:\/\/art-anima.com\/festival\/?p=965"},"modified":"2021-06-09T20:12:29","modified_gmt":"2021-06-09T18:12:29","slug":"predstavljanje-knjige-prorocanstvo-korota-gorana-skrobonje","status":"publish","type":"post","link":"http:\/\/art-anima.com\/festival\/2021\/06\/predstavljanje-knjige-prorocanstvo-korota-gorana-skrobonje\/","title":{"rendered":"Predstavljanje knjige &#8221;Proro\u010danstvo Korota&#8221; Gorana Skrobonje"},"content":{"rendered":"<p><strong>Datum i vreme<\/strong>: \u010cetvrtak, 30. maj 2019, 18.15h<br \/>\n<strong>Mesto<\/strong>: Klub galerija Polet (Cetinjska 15, Beograd)<br \/>\n<strong>U\u010destvuju<\/strong>: Goran Skrobonja, Dra\u017een Kova\u010devi\u0107, Aleksandar Te\u0161i\u0107. Moderator: Dragoljub Igro\u0161anac.<\/p>\n<p>Knjigu <em><strong>Proro\u010danstvo Korota<\/strong><\/em> \u010dini novela <strong><em>To\u010dak<\/em> <\/strong>i njen nastavak, kratki roman, <em><strong>Vojnici Korota<\/strong><\/em>. Ova dela, nastala krajem osamdesetih i po\u010detkom devedesetih godina pro\u0161log veka, \u010dine jednu celinu.\u00a0<em><strong>To\u010dak<\/strong><\/em> je u \u017ei\u017eu interesovanja javnosti do\u0161ao 2000. godine kada je, kao strip koji je, po Skrobonjinom scenariju nacrtao <strong>Dra\u017een Kova\u010devi\u0107<\/strong>, osvojio prvu nagradu na me\u0111unarodnom konkursu raspisanom od poznatog francuskog izdava\u010da <strong>Glenat<\/strong>. U periodu od 2002. do 2004. godine na francuskom tr\u017ei\u0161tu je objavljen serijal od \u010detiri strip albuma pod naslovom <em><strong>Les Combatants de Korot<\/strong><\/em> (<em>Vojnici Korota<\/em>). <em>To\u010dak<\/em> i <em>Ratnici Korota<\/em>, do sada se nisu na\u0161li u zasebnoj knjizi jer su oba segmenta \u201e\u010dekala\u201c ispisivanje preostalih segmenata dela kome radni naziv glasi <em><strong>Velika knjiga o Arkamu<\/strong><\/em>. Kuriozitet predstavljaju planovi izdava\u010dke ku\u0107e <strong>Strahor<\/strong>, me\u0111u kojima se nalazi objavljivanje i preostale dve celine Skrobonjinog fantasti\u010dnog univerzuma.<\/p>\n<p style=\"text-align: center;\"><strong>O U\u010cESNICIMA<\/strong><\/p>\n<div id=\"attachment_13807\" style=\"width: 210px\" class=\"wp-caption aligncenter\"><img loading=\"lazy\" decoding=\"async\" aria-describedby=\"caption-attachment-13807\" class=\"size-full wp-image-13807\" src=\"http:\/\/www.art-anima.com\/wp-content\/uploads\/2019\/05\/goran-skrobonja.jpg\" alt=\"Goran Skrobonja\" width=\"200\" height=\"200\" \/><p id=\"caption-attachment-13807\" class=\"wp-caption-text\">Goran Skrobonja<\/p><\/div>\n<p><strong>Goran Skrobonja<\/strong>\u00a0(Beograd, 1962), pisac fantastike, strip scenarista, prevodilac, urednik i izdava\u010d. Diplomirao je na Pravnom fakultetu Univerziteta u Beogradu. Objavio romane\u00a0<strong><em>Nakot<\/em>\u00a0<\/strong>(1993),\u00a0<strong><em>\u010covek koji je ubio Teslu<\/em><\/strong>\u00a0(2010) i\u00a0<strong><em>Sva Teslina deca<\/em><\/strong>\u00a0(2014), kao i zbirke\u00a0<em><strong>Od \u0161apata do vriska<\/strong><\/em>\u00a0(1996),\u00a0<strong><em>\u0160ilom u \u010delo<\/em><\/strong>(2000),\u00a0<strong><em>Tihi gradovi<\/em>\u00a0<\/strong>(2007) i\u00a0<strong><em>Poklade<\/em><\/strong>\u00a0(2014). Autor je\u00a0<em><strong>Bleferskog vodi\u010da kroz horor<\/strong>\u00a0<\/em>(1995) i koautor grafi\u010dkog romana\u00a0<em><strong>To\u010dak<\/strong>\u00a0<\/em>(<em>La Rue<\/em>, 2000, nagrada BEDECOUVERT). Priredio je vi\u0161e antologija horor i SF pripovetke. Preveo je veliki broj knjiga me\u0111u kojima i zna\u010dajan deo opusa\u00a0<strong>Dena Simonsa<\/strong>,\u00a0<strong>Stivena Kinga<\/strong>,\u00a0<strong>Ijana Mekdonalda<\/strong>\u2026<\/p>\n<div id=\"attachment_13836\" style=\"width: 210px\" class=\"wp-caption aligncenter\"><img loading=\"lazy\" decoding=\"async\" aria-describedby=\"caption-attachment-13836\" class=\"size-full wp-image-13836\" src=\"http:\/\/www.art-anima.com\/wp-content\/uploads\/2019\/05\/drazen-kovacevic.jpg\" alt=\"Dra\u017een Kova\u010devi\u0107\" width=\"200\" height=\"200\" \/><p id=\"caption-attachment-13836\" class=\"wp-caption-text\">Dra\u017een Kova\u010devi\u0107<\/p><\/div>\n<p><strong>Dra\u017een Kova\u010devi\u0107<\/strong> ro\u0111en je 1974. godine. Fakultet primenjenih umetnosti zavr\u0161io 1999. u Beogradu. Autor vi\u0161e strip serijala objavljenih za francuske izdava\u010de <strong>Glenat<\/strong>, <strong>Soleil<\/strong>, <strong>Les Humanoides Associes<\/strong>. <strong>Delcourt<\/strong> i <strong>Les Sculpteurs de bulles<\/strong>. Autor brojnih ilustracija za specijalizovane striparnice i galerije u\u00a0 Francuskoj kao i za kolekcionare. Sa Goranom Skrobonjom kao scenaristom, dobitnik prve nagrade za debitantski strip na konkursu izdava\u010dke ku\u0107e <strong>Glenat<\/strong> u Angulemu 2000. godine. Dobio <strong>Grand prix 12. Salona stripa<\/strong> u Beogradu i po\u010dasnu diploma <strong>49. Zlatnog pera Beograda<\/strong>. \u017divi u Zemunu.<\/p>\n<div id=\"attachment_13837\" style=\"width: 210px\" class=\"wp-caption aligncenter\"><img loading=\"lazy\" decoding=\"async\" aria-describedby=\"caption-attachment-13837\" class=\"size-full wp-image-13837\" src=\"http:\/\/www.art-anima.com\/wp-content\/uploads\/2019\/05\/Aleksandar-Tesic.jpg\" alt=\"Aleksandar Te\u0161i\u0107\" width=\"200\" height=\"200\" \/><p id=\"caption-attachment-13837\" class=\"wp-caption-text\">Aleksandar Te\u0161i\u0107<\/p><\/div>\n<p><strong>Aleksandar Te\u0161i\u0107<\/strong> je ro\u0111en 1961. godine u \u010ca\u010dku. \u0160kolovao se u inostranstvu. Upisao Pravni fakultet u Beogradu, prekinuo studiranje na 4. godini i zaposlio se kao prevodilac na <strong>RTS<\/strong>-u gde je i dalje zaposlen. Njegov prvenac, roman <em><strong>Kosingas \u2013 Red zmaja<\/strong><\/em>\u00a0objavljen je u Beogradu oktobra 2008. godine i od tada su usledili nastavci <strong><em>Bezdanj<\/em><\/strong>\u00a0(2009), <em><strong>Smrtovanje<\/strong><\/em>\u00a0(2010), <strong><em>Zmaj i \u017ddral<\/em><\/strong>\u00a0(2012), <em><strong>Koplje sv. Georgija<\/strong><\/em>\u00a0(2013), <em><strong>Vitez zato\u010dnik<\/strong><\/em>\u00a0(2014). Godine 2015. iz \u0161tampe je iza\u0161la SF satira <em><strong>2084<\/strong><\/em>. Godine 2016. osniva izdava\u010dku ku\u0107u <strong>Strahor<\/strong>\u00a0koja je reizdala njegove stare naslove i objavljuje nove nosalove: <em><strong>Kroz oganj i vodu<\/strong><\/em>\u00a0(2016), <em><strong>Kletva Kainova<\/strong><\/em>\u00a0(2016), <em><strong>Onaj \u0161to nau\u010di mrak da sija<\/strong><\/em>\u00a0(2017) i <em><strong>Gorolom<\/strong><\/em>\u00a0(2018). Tako\u0111e je sa pri\u010dama u\u010destvovao u zbirkama <em><strong>U vrzinom kolu<\/strong><\/em>, <strong><em>\u010cuvari zlatnog runa<\/em><\/strong>\u00a0i\u00a0 <em><strong>Kosingas &#8211; Neispri\u010dane pri\u010de<\/strong><\/em>.<\/p>\n<div id=\"attachment_13838\" style=\"width: 210px\" class=\"wp-caption aligncenter\"><img loading=\"lazy\" decoding=\"async\" aria-describedby=\"caption-attachment-13838\" class=\"size-full wp-image-13838\" src=\"http:\/\/www.art-anima.com\/wp-content\/uploads\/2019\/05\/dragoljub-igrosanac-1.jpg\" alt=\"Dragoljub Igro\u0161anac\" width=\"200\" height=\"200\" \/><p id=\"caption-attachment-13838\" class=\"wp-caption-text\">Dragoljub Igro\u0161anac<\/p><\/div>\n<p><strong>Dragoljub Igro\u0161anac<\/strong> ro\u0111en je 1977. godine. Kulturni aktivista i promoter fantasti\u010dne knji\u017eevnosti. Vlasnik i urednik sajta <strong>Art-Anima.com<\/strong>. Glavni organizator <strong>Festivala fantasti\u010dne knji\u017eevnosti Art-Anima<\/strong>. Osniva\u010d i urednik \u010dasopisa <strong>Knji\u017eevna fantastika<\/strong>.<\/p>\n","protected":false},"excerpt":{"rendered":"<p>\u010cetvrtak, 30. maj 2019, 18.15h<\/p>\n","protected":false},"author":1,"featured_media":966,"comment_status":"open","ping_status":"open","sticky":false,"template":"","format":"standard","meta":{"footnotes":""},"categories":[3,1],"tags":[],"class_list":["post-965","post","type-post","status-publish","format-standard","has-post-thumbnail","hentry","category-najave","category-vesti"],"_links":{"self":[{"href":"http:\/\/art-anima.com\/festival\/wp-json\/wp\/v2\/posts\/965"}],"collection":[{"href":"http:\/\/art-anima.com\/festival\/wp-json\/wp\/v2\/posts"}],"about":[{"href":"http:\/\/art-anima.com\/festival\/wp-json\/wp\/v2\/types\/post"}],"author":[{"embeddable":true,"href":"http:\/\/art-anima.com\/festival\/wp-json\/wp\/v2\/users\/1"}],"replies":[{"embeddable":true,"href":"http:\/\/art-anima.com\/festival\/wp-json\/wp\/v2\/comments?post=965"}],"version-history":[{"count":1,"href":"http:\/\/art-anima.com\/festival\/wp-json\/wp\/v2\/posts\/965\/revisions"}],"predecessor-version":[{"id":967,"href":"http:\/\/art-anima.com\/festival\/wp-json\/wp\/v2\/posts\/965\/revisions\/967"}],"wp:featuredmedia":[{"embeddable":true,"href":"http:\/\/art-anima.com\/festival\/wp-json\/wp\/v2\/media\/966"}],"wp:attachment":[{"href":"http:\/\/art-anima.com\/festival\/wp-json\/wp\/v2\/media?parent=965"}],"wp:term":[{"taxonomy":"category","embeddable":true,"href":"http:\/\/art-anima.com\/festival\/wp-json\/wp\/v2\/categories?post=965"},{"taxonomy":"post_tag","embeddable":true,"href":"http:\/\/art-anima.com\/festival\/wp-json\/wp\/v2\/tags?post=965"}],"curies":[{"name":"wp","href":"https:\/\/api.w.org\/{rel}","templated":true}]}}