{"id":968,"date":"2021-06-09T20:34:49","date_gmt":"2021-06-09T18:34:49","guid":{"rendered":"http:\/\/art-anima.com\/festival\/?p=968"},"modified":"2021-06-09T20:34:49","modified_gmt":"2021-06-09T18:34:49","slug":"predstavljanje-romana-led-jaceka-dukaja","status":"publish","type":"post","link":"http:\/\/art-anima.com\/festival\/2021\/06\/predstavljanje-romana-led-jaceka-dukaja\/","title":{"rendered":"Predstavljanje romana &#8221;Led&#8221; Jaceka Dukaja"},"content":{"rendered":"<p><strong>Datum i vreme<\/strong>: Petak, 31. maj 2019, 17.00h<br \/>\n<strong>Mesto<\/strong>: Klub galerija Polet (Cetinjska 15, Beograd)<br \/>\n<strong>U\u010destvuju<\/strong>: Dejan Ajda\u010di\u0107, Jelena Jovi\u0107,\u00a0Jelena Nid\u017eovi\u0107<\/p>\n<p><em><strong>Led<\/strong><\/em>\u00a0poljskog pisca <strong>Jaceka Dukaja<\/strong>, monumentalno delo oven\u010dano <strong>Evropskom knji\u017eevnom nagradom<\/strong>, govori o alternativnoj stvarnosti u kojoj se nikada nije dogodio I svetski rat, a Poljskom i dalje vlada caristi\u010dka Rusija. Nakon famozne Tunguske eksplozije, po Sibiru po\u010dinje da se \u0161iri \u010dudan led koji \u0107e na kraju sti\u0107i sve do Var\u0161ave. Glavni junak Benedikt Gjeroslavski, briljantni matemati\u010dar i pasionirani kockar po\u010dinje da bli\u017ee ispituje ovaj fenomen.<\/p>\n<p>Zaplet romana obiluje zapanjuju\u0107im obrtima, politi\u010dkim, ljubavnim i kriminalnim intrigama, kao i neverovatnom imaginacijom njegovog autora. Me\u0111u likovima <em><strong>Leda<\/strong><\/em> pojavljuju se <strong>Raspu\u0107in<\/strong> i <strong>Nikola Tesla<\/strong>, a sve ovo je u funkciji sklapanja majstorski osmi\u0161ljenog i opisanog alternativnog sveta u kome istorija, istina i logika tako\u0111e postoje, ali na potpuno druga\u010diji na\u010din.<\/p>\n<p style=\"text-align: center;\"><strong>O U\u010cESNICIMA<\/strong><\/p>\n<div id=\"attachment_13843\" style=\"width: 210px\" class=\"wp-caption aligncenter\"><img loading=\"lazy\" decoding=\"async\" aria-describedby=\"caption-attachment-13843\" class=\"size-full wp-image-13843\" src=\"http:\/\/www.art-anima.com\/wp-content\/uploads\/2019\/05\/DejanAjdacic.jpg\" alt=\"Dejan Ajda\u010di\u0107\" width=\"200\" height=\"200\" \/><p id=\"caption-attachment-13843\" class=\"wp-caption-text\">Dejan Ajda\u010di\u0107<\/p><\/div>\n<p><strong>Dejan Ajda\u010di\u0107<\/strong>\u00a0je ro\u0111en 1959 . godine. Diplomirao je, magistritrao i doktorirao na Filolo\u0161kom fakultetu u Beogradu. Radio je u <strong>Univerzitetskoj biblioteci u Beogradu<\/strong> do 2003., predavao je na slavistici Univerziteta u Kijevu i Lo\u0111u. Autor je 21 knjige, osniva\u010d i urednik godi\u0161njaka <strong><em>Kodovi slovenskih kultura<\/em><\/strong> i <strong><em>Ukras<\/em><\/strong> i urednik pedesetak zbornika me\u0111u kojima <strong><em>Antiutopije u slovenskim knji\u017eevnostima<\/em><\/strong>, <strong><em>\u010cuda u slovenskim kulturama<\/em><\/strong>, <strong><em>Slovenska nau\u010dna fantastika<\/em><\/strong>,<strong> <em>\u0421\u043b\u0430\u0432\u2019\u044f\u043d\u0441\u044c\u043a\u0430 \u0444\u0430\u043d\u0442\u0430\u0441\u0442\u0438\u043a\u0430<\/em><\/strong> i dr. Bavi se etnolingvistikom, frazeologijom, knji\u017eevnom fantastikom, uporednom knji\u017eevno\u0161\u0107u i folkloristikom.<\/p>\n<div id=\"attachment_13844\" style=\"width: 210px\" class=\"wp-caption aligncenter\"><img loading=\"lazy\" decoding=\"async\" aria-describedby=\"caption-attachment-13844\" class=\"size-full wp-image-13844\" src=\"http:\/\/www.art-anima.com\/wp-content\/uploads\/2019\/05\/Jelena-Jovic.jpg\" alt=\"Jelena Jovi\u0107\" width=\"200\" height=\"200\" \/><p id=\"caption-attachment-13844\" class=\"wp-caption-text\">Jelena Jovi\u0107<\/p><\/div>\n<p><strong>Jelena Jovi\u0107<\/strong> (1981) predaje na <strong>Filolo\u0161kom fakultetu u Beogradu, na<\/strong> <strong>Grupi za poljski jezik i knji\u017eevnost<\/strong>. Prevodi modernu poljsku poeziju, eseje, knji\u017eevno-istorijske i antropolo\u0161ke monografije, kao i obimna prozna dela poput romana <strong><em>Mra\u010dno da skoro je no\u0107<\/em> Joane Bator, <em>Morfijum<\/em> \u0160\u010depana Tvardoha\u00a0<\/strong>i\u00a0<strong><em>Led<\/em> Jaceka Dukaja<\/strong>.<\/p>\n<div id=\"attachment_13845\" style=\"width: 210px\" class=\"wp-caption aligncenter\"><img loading=\"lazy\" decoding=\"async\" aria-describedby=\"caption-attachment-13845\" class=\"size-full wp-image-13845\" src=\"http:\/\/www.art-anima.com\/wp-content\/uploads\/2019\/05\/jelena-nidzovic.jpg\" alt=\"Jelena Nid\u017eovi\u0107\" width=\"200\" height=\"200\" \/><p id=\"caption-attachment-13845\" class=\"wp-caption-text\">Jelena Nid\u017eovi\u0107<\/p><\/div>\n<p><strong>Jelena Nid\u017eovi\u0107<\/strong> ro\u0111ena je u \u010ca\u010dku 1987. godine. Diplomirala je na Katedri za ju\u017enoslovenske knji\u017eevnosti Filolo\u0161kog fakulteta Univerziteta u Beogradu. Godinama se bavila knji\u017earstvom, ne ra\u010dunaju\u0107i nekolicinu eseja, prikaza, predgovora i knji\u017eevnokriti\u010dkih tekstova koje je objavila u odgovaraju\u0107im publikacijama. Urednica je u <strong>Kontrast izdava\u0161tvu<\/strong>, i raspola\u017ee zadovoljavaju\u0107im brojem hobija. \u017delja joj je da veruje da je \u010ditanje i dalje, i najpre \u2013 jedan od njih.<\/p>\n","protected":false},"excerpt":{"rendered":"<p>Petak, 31. maj 2019, 17.00h<\/p>\n","protected":false},"author":1,"featured_media":969,"comment_status":"open","ping_status":"open","sticky":false,"template":"","format":"standard","meta":{"footnotes":""},"categories":[3,1],"tags":[],"class_list":["post-968","post","type-post","status-publish","format-standard","has-post-thumbnail","hentry","category-najave","category-vesti"],"_links":{"self":[{"href":"http:\/\/art-anima.com\/festival\/wp-json\/wp\/v2\/posts\/968"}],"collection":[{"href":"http:\/\/art-anima.com\/festival\/wp-json\/wp\/v2\/posts"}],"about":[{"href":"http:\/\/art-anima.com\/festival\/wp-json\/wp\/v2\/types\/post"}],"author":[{"embeddable":true,"href":"http:\/\/art-anima.com\/festival\/wp-json\/wp\/v2\/users\/1"}],"replies":[{"embeddable":true,"href":"http:\/\/art-anima.com\/festival\/wp-json\/wp\/v2\/comments?post=968"}],"version-history":[{"count":1,"href":"http:\/\/art-anima.com\/festival\/wp-json\/wp\/v2\/posts\/968\/revisions"}],"predecessor-version":[{"id":970,"href":"http:\/\/art-anima.com\/festival\/wp-json\/wp\/v2\/posts\/968\/revisions\/970"}],"wp:featuredmedia":[{"embeddable":true,"href":"http:\/\/art-anima.com\/festival\/wp-json\/wp\/v2\/media\/969"}],"wp:attachment":[{"href":"http:\/\/art-anima.com\/festival\/wp-json\/wp\/v2\/media?parent=968"}],"wp:term":[{"taxonomy":"category","embeddable":true,"href":"http:\/\/art-anima.com\/festival\/wp-json\/wp\/v2\/categories?post=968"},{"taxonomy":"post_tag","embeddable":true,"href":"http:\/\/art-anima.com\/festival\/wp-json\/wp\/v2\/tags?post=968"}],"curies":[{"name":"wp","href":"https:\/\/api.w.org\/{rel}","templated":true}]}}