{"id":971,"date":"2021-06-09T20:36:38","date_gmt":"2021-06-09T18:36:38","guid":{"rendered":"http:\/\/art-anima.com\/festival\/?p=971"},"modified":"2021-06-09T20:36:56","modified_gmt":"2021-06-09T18:36:56","slug":"dodela-nagrade-za-promociju-fantasticne-knjizevnosti-dejanu-ajdacicu","status":"publish","type":"post","link":"http:\/\/art-anima.com\/festival\/2021\/06\/dodela-nagrade-za-promociju-fantasticne-knjizevnosti-dejanu-ajdacicu\/","title":{"rendered":"Dodela nagrade Art-Anima za promociju fantasti\u010dne knji\u017eevnosti Dejanu Ajda\u010di\u0107u"},"content":{"rendered":"<p><strong>Datum i vreme<\/strong>: Nedelja, 02. jun 2019, 20.00h<br \/>\n<strong>Mesto<\/strong>: Klub galerija Polet (Cetinjska 15, Beograd)<br \/>\n<strong>U\u010destvuju<\/strong>: Dejan Ajda\u010di\u0107, Zoran Stefanovi\u0107<\/p>\n<p>Nakon <strong>Zorana \u017divkovi\u0107a<\/strong>, <strong>Gorana Skrobonje<\/strong>, <strong>\u017dike Bogdanovi\u0107a<\/strong>, <strong>Ilije Baki\u0107a<\/strong> i <strong>Save Damjanova<\/strong>, dobitnik Nagrade za promociju fantasti\u010dne knji\u017eevnosti\u00a0 6. Festivala fantasti\u010dne knji\u017eevnosti <strong>\u201eArt-Anima\u201c<\/strong> 2019. je <strong>prof. doktor Dejan Ajda\u010di\u0107<\/strong>, jedan od najuglednijih evropskih slavista.<\/p>\n<p>Na\u0161 laureat je ro\u0111en u Beogradu 1959. godine u porodici istaknutih nau\u010dnika<strong>\u00a0Vladimira\u00a0<\/strong>i\u00a0<strong>Nade\u017ede Ajda\u010di\u0107<\/strong>. Diplomirao je, magistrirao i doktorirao filologiju u Beogradu.\u00a0 U 21. veku me\u0111unarodno su zna\u010dajne, obimne i dobro dokumentovane njegove delatnosti kao slaviste, filologa, folkloriste, etnolingviste, teoreti\u010dara knji\u017eevnosti, prevodioca i urednika. Zapa\u017een je i njegov rad kao profesora univerziteta u Ukrajini (od 2003) i Poljskoj (od 2016).<\/p>\n<p><strong>Iako je ostavio trag na vi\u0161e polja, slovenska fantastika se kod ovog autora izdvaja kao polje misije po vi\u0161e osnova.<\/strong>\u00a0Kao istra\u017eiva\u010d, Ajda\u010di\u0107 je autor studija o mitologiji i demonologiji u knji\u017eevnoj fantastici, o nau\u010dnoj fantastici uklju\u010duju\u0107i i kiberfantastiku i futurofantastiku, kao i o pojedina\u010dnim delima i autorima slovenske i srpske fantastike. Neke njegove studije imaju \u010ditaoce i van nau\u010dnih sfera, \u0161to su posebno bile\u00a0<strong><em>Futuroslavija. Studije o slovenskoj nau\u010dnoj fantastici<\/em><\/strong>\u00a0(2008);\u00a0<strong><em>Erotoslavija. Preobra\u017eenja Erosa u slovenskim knji\u017eevnostima<\/em><\/strong>\u00a0(2013) i<strong><em>\u00a0Perunoslavija: O paganskim bogovima u nepaganska vremena<\/em><\/strong>(2016).<\/p>\n<p>Urednik je ili kourednik petnaest me\u0111unarodnih akademskih zbornika o slovenskoj fantastici. U Srbiji je uredio:\u00a0<strong><em>Antiutopije u slovenskim knji\u017eevnostima<\/em><\/strong>\u00a0(1999),\u00a0<strong><em>\u010cudo u slovenskim kulturama<\/em>\u00a0<\/strong>(2000),\u00a0<strong><em>Slovenska nau\u010dna fantastika<\/em><\/strong>\u00a0(kourednik Bojan Jovi\u0107, 2007),\u00a0<strong><em>Darko Suvin: Nau\u010dna fantastika, spoznaja, sloboda<\/em><\/strong>\u00a0(2009),\u00a0<strong><em>Telo u slovenskoj futurofantastici<\/em>\u00a0<\/strong>(2011),\u00a0<strong><em>Tesla kao lik u umetnosti<\/em><\/strong>\u00a0(2014),\u00a0<strong><em>Juda Iskariotski u slovenskim kulturama<\/em><\/strong>\u00a0(2016), \u201eSavremena slovenska fantastika i popularna kultura\u201c u\u00a0<em>Knji\u017eevna istorija<\/em>\u00a0(2016) i najnoviji:\u00a0<strong><em>O srpskoj knji\u017eevnoj fantastici<\/em>\u00a0<\/strong>(2019). U Poljskoj je priredio zbornike\u00a0<strong><em>Apokrifi i legende Starog zaveta kod Ju\u017enih Slovena<\/em><\/strong>\u00a0(kourednici Georgi Min\u010dev i Malgo\u017eata Skovronek, 2006) i\u00a0<strong><em>Telo u slovenskoj futurofantastici<\/em>\u00a0<\/strong>(kourednik Vaclav Valecki, 2013). U Ukrajini je priredio tri toma nau\u010dnog zbornika\u00a0<em><strong>Slovenska fantastika<\/strong>\u00a0<\/em>(2012-2016) i jedan\u00a0<strong><em>O slovenskoj fantastici na portalu LitAkcent<\/em>\u00a0<\/strong>(2017).<\/p>\n<p>Predavao je o srpskoj fantastici u okviru lekcija o istoriji srpske knji\u017eevnosti na\u00a0<strong>Filolo\u0161kom fakultetu u Kijevu<\/strong>\u00a0(2003-2018) i u ciklusu tribina\u00a0<strong>Fantastica Slavica<\/strong>\u00a0u Kijevu (2012-2013). Autor je 14 autorskih predavanja o stranim piscima u ciklusu\u00a0<strong>\u201eSlovenska i srpska knji\u017eevna fantastika\u201c<\/strong>\u00a0u Univerzitetskoj biblioteci u Beogradu (2019).<\/p>\n<p>Prevodio je na srpski nau\u010dne studije o fantastici sa italijanskog, bugarskog, ruskog, ukrajinskog i poljskog, a fantasti\u010dku kra\u0107u prozu sa ukrajinskog jezika. Recenzent je akademskih slavisti\u010dkih \u010dlanaka, publikacija i disertacija o slovenskoj fantastici u vi\u0161e zemalja.<\/p>\n<p>Kao organizator zaslu\u017ean je za nau\u010dne konferencije i druge programe o fantastici u Kijevu (2011-2018) i Gdanjsku (2018) kao i ciklusa\u00a0<strong>\u201eSlovenska i srpska knji\u017eevna fantastika\u201c<\/strong>\u00a0u Univerzitetskoj biblioteci u Beogradu (2019), prvog svoje vrste u Evropi. Ogledao se i kao pisac, poput knjige\u00a0<strong><em>Izabrana dela<\/em><\/strong>koautorski pisane sa Ivanom Srdanovi\u0107em (1988).<\/p>\n<p>Iz prilo\u017eenog se vidi da je po obimu, detaljnosti, interdisciplinarnoj i multidisciplinarnoj metodi upravo Ajda\u010di\u0107eva delatnost klju\u010dna za savremena svetska istra\u017eivanja slovenske fantastike, kako njenog mikrotematskog tako i sinteti\u010dkog tuma\u010denja \u2014 dugo \u010dekanog sveobuhvatnog pogleda nakon decenija kulturne razdrobljenosti jednog \u0161irokog \u00a0prostora.<\/p>\n<p><strong>Nagrada za promociju fantasti\u010dne knji\u017eevnosti 2019. Dejanu Ajda\u010di\u0107u vi\u0161estruko je zaslu\u017eena, bez sumnje najavljuju\u0107i nove istra\u017eiva\u010dke i duhovne prostore na koje nam ovaj osobeni polihistor na\u0161eg vremena ukazuje.<\/strong><\/p>\n<p style=\"text-align: right;\"><em>Obrazlo\u017eenje priredio Zoran Stefanovi\u0107<\/em><\/p>\n<p style=\"text-align: center;\"><strong>O U\u010cESNICIMA<\/strong><\/p>\n<div id=\"attachment_13843\" style=\"width: 210px\" class=\"wp-caption aligncenter\"><img loading=\"lazy\" decoding=\"async\" aria-describedby=\"caption-attachment-13843\" class=\"size-full wp-image-13843\" src=\"http:\/\/www.art-anima.com\/wp-content\/uploads\/2019\/05\/DejanAjdacic.jpg\" alt=\"Dejan Ajda\u010di\u0107\" width=\"200\" height=\"200\" \/><p id=\"caption-attachment-13843\" class=\"wp-caption-text\">Dejan Ajda\u010di\u0107<\/p><\/div>\n<p><strong>Dejan Ajda\u010di\u0107<\/strong>\u00a0je ro\u0111en 1959 . godine. Diplomirao je, magistritrao i doktorirao na Filolo\u0161kom fakultetu u Beogradu. Radio je u\u00a0<strong>Univerzitetskoj biblioteci u Beogradu<\/strong>\u00a0do 2003., predavao je na slavistici Univerziteta u Kijevu i Lo\u0111u. Autor je 21 knjige, osniva\u010d i urednik godi\u0161njaka\u00a0<strong><em>Kodovi slovenskih kultura<\/em><\/strong>\u00a0i\u00a0<strong><em>Ukras<\/em><\/strong>\u00a0i urednik pedesetak zbornika me\u0111u kojima\u00a0<strong><em>Antiutopije u slovenskim knji\u017eevnostima<\/em><\/strong>,\u00a0<strong><em>\u010cuda u slovenskim kulturama<\/em><\/strong>,\u00a0<strong><em>Slovenska nau\u010dna fantastika<\/em><\/strong>,<strong>\u00a0<em>\u0421\u043b\u0430\u0432\u2019\u044f\u043d\u0441\u044c\u043a\u0430 \u0444\u0430\u043d\u0442\u0430\u0441\u0442\u0438\u043a\u0430<\/em><\/strong>\u00a0i dr. Bavi se etnolingvistikom, frazeologijom, knji\u017eevnom fantastikom, uporednom knji\u017eevno\u0161\u0107u i folkloristikom.<\/p>\n<div id=\"attachment_13867\" style=\"width: 210px\" class=\"wp-caption aligncenter\"><img loading=\"lazy\" decoding=\"async\" aria-describedby=\"caption-attachment-13867\" class=\"size-full wp-image-13867\" src=\"http:\/\/www.art-anima.com\/wp-content\/uploads\/2019\/05\/zoran-stefanovic.jpg\" alt=\"Zoran Stefanovi\u0107\" width=\"200\" height=\"200\" \/><p id=\"caption-attachment-13867\" class=\"wp-caption-text\">Zoran Stefanovi\u0107<\/p><\/div>\n<p><strong>Zoran Stefanovi\u0107<\/strong> (1969) je srpski pisac, izdava\u010d i kulturni aktivista. Diplomirao je dramaturgiju i scenario 1994. godine na Fakultetu dramskih umetnosti u Beogradu. Njegove drame, proza i grafi\u010dki romani prevedeni su na vi\u0161e jezika. Osniva\u010d je nekoliko kulturnih mre\u017ea i izdava\u010dkih projekata (<strong>\u201eProjekat Rastko\u201c<\/strong>, <strong>\u201eDistribuirani korektori Evropa\u201c<\/strong>, <strong>\u201eProjekat Gutenberg Evropa\u201c<\/strong>, <strong>\u201eBalkanska kulturna mre\u017ea\u201c<\/strong>) a od 2004. godine aktivno podr\u017eava vi\u0161e Vikipedija, naro\u010dito u Isto\u010dnoj Evropi. Za doprinos u kulturi nagra\u0111en velikim brojem priznanja. \u017divi u Beogradu.<\/p>\n","protected":false},"excerpt":{"rendered":"<p>Nedelja, 02. jun 2019, 20.00h<\/p>\n","protected":false},"author":1,"featured_media":972,"comment_status":"open","ping_status":"open","sticky":false,"template":"","format":"standard","meta":{"footnotes":""},"categories":[3,1],"tags":[],"class_list":["post-971","post","type-post","status-publish","format-standard","has-post-thumbnail","hentry","category-najave","category-vesti"],"_links":{"self":[{"href":"http:\/\/art-anima.com\/festival\/wp-json\/wp\/v2\/posts\/971"}],"collection":[{"href":"http:\/\/art-anima.com\/festival\/wp-json\/wp\/v2\/posts"}],"about":[{"href":"http:\/\/art-anima.com\/festival\/wp-json\/wp\/v2\/types\/post"}],"author":[{"embeddable":true,"href":"http:\/\/art-anima.com\/festival\/wp-json\/wp\/v2\/users\/1"}],"replies":[{"embeddable":true,"href":"http:\/\/art-anima.com\/festival\/wp-json\/wp\/v2\/comments?post=971"}],"version-history":[{"count":2,"href":"http:\/\/art-anima.com\/festival\/wp-json\/wp\/v2\/posts\/971\/revisions"}],"predecessor-version":[{"id":974,"href":"http:\/\/art-anima.com\/festival\/wp-json\/wp\/v2\/posts\/971\/revisions\/974"}],"wp:featuredmedia":[{"embeddable":true,"href":"http:\/\/art-anima.com\/festival\/wp-json\/wp\/v2\/media\/972"}],"wp:attachment":[{"href":"http:\/\/art-anima.com\/festival\/wp-json\/wp\/v2\/media?parent=971"}],"wp:term":[{"taxonomy":"category","embeddable":true,"href":"http:\/\/art-anima.com\/festival\/wp-json\/wp\/v2\/categories?post=971"},{"taxonomy":"post_tag","embeddable":true,"href":"http:\/\/art-anima.com\/festival\/wp-json\/wp\/v2\/tags?post=971"}],"curies":[{"name":"wp","href":"https:\/\/api.w.org\/{rel}","templated":true}]}}