{"id":1140,"date":"2022-06-17T14:08:28","date_gmt":"2022-06-17T12:08:28","guid":{"rendered":"http:\/\/art-anima.com\/festival\/?p=1140"},"modified":"2022-06-17T16:00:45","modified_gmt":"2022-06-17T14:00:45","slug":"promocija-casopisa-knjizevna-fantastika-8-2022","status":"publish","type":"post","link":"https:\/\/art-anima.com\/festival\/2022\/06\/promocija-casopisa-knjizevna-fantastika-8-2022\/","title":{"rendered":"Promocija \u010dasopisa Knji\u017eevna fantastika #8 (2022)"},"content":{"rendered":"<p><strong>Datum i vreme<\/strong>: Ponedeljak, 04. jul 2022, 18.00h<br \/>\n<strong>Mesto<\/strong>: Klub galerija Polet (Cetinjska 15, Beograd)<br \/>\n<strong>U\u010destvuju<\/strong>: Zoran \u017divkovi\u0107, Predrag Li\u010dina, Adrijan Sarajlija, Milena Dasukidis, Mihajlo Dasukidis, Marko Vasi\u0107, Dragoljub Igro\u0161anac<\/p>\n<p>Novi broj \u010dasopisa Knji\u017eevna fantastika donosi niz priloga doma\u0107ih i stranih pisaca, kriti\u010dara i teoreti\u010dara fantasti\u010dkog proznog stvarala\u0161tva. Simboli\u010dni temat posve\u0107en je Arturu Klarku. Uz \u010detiri teksta iz pera Zorana \u017divkovi\u0107a, Hefzibe Anderson, Martina Andersona i Miodraga Milovanovi\u0107a posve\u0107ena britanskom piscu nau\u010dne fantastike, vizonaru i futuristi, u novi broj \u010dasopisa uvr\u0161tene su pri\u010de Mirjane Novakovi\u0107, Helen Mar\u0161al, Ilije Baki\u0107a i Adrijana Sarajlije, eseji Dine Hrecak, Dejana Ajda\u010di\u0107a, Nata\u0161e Polovine, Marka Vasi\u0107a i Mihajla Dasukidisa, intervjui sa Predragom Li\u010dinom i Galebom Nika\u010devi\u0107em, esej o sprezi strip umetnosti i fantasti\u010dne knji\u017eevnosti Nikole Dragomirovi\u0107a, kao i brojni prikazi teku\u0107e produkcije \u017eanrovske knji\u017eevnosti.<\/p>\n","protected":false},"excerpt":{"rendered":"<p>Ponedeljak, 04. jul 2022, 18.00h<\/p>\n","protected":false},"author":1,"featured_media":1141,"comment_status":"open","ping_status":"open","sticky":false,"template":"","format":"standard","meta":{"footnotes":""},"categories":[3,1],"tags":[88,45,44,95,108,107,106,15],"class_list":["post-1140","post","type-post","status-publish","format-standard","has-post-thumbnail","hentry","category-najave","category-vesti","tag-adrijan-sarajlija","tag-dragoljub-igrosanac","tag-knjizevna-fantastika","tag-marko-vasic","tag-mihajlo-dasukidis","tag-milena-dasukidis","tag-predrag-licina","tag-zoran-zivkovic"],"_links":{"self":[{"href":"https:\/\/art-anima.com\/festival\/wp-json\/wp\/v2\/posts\/1140"}],"collection":[{"href":"https:\/\/art-anima.com\/festival\/wp-json\/wp\/v2\/posts"}],"about":[{"href":"https:\/\/art-anima.com\/festival\/wp-json\/wp\/v2\/types\/post"}],"author":[{"embeddable":true,"href":"https:\/\/art-anima.com\/festival\/wp-json\/wp\/v2\/users\/1"}],"replies":[{"embeddable":true,"href":"https:\/\/art-anima.com\/festival\/wp-json\/wp\/v2\/comments?post=1140"}],"version-history":[{"count":4,"href":"https:\/\/art-anima.com\/festival\/wp-json\/wp\/v2\/posts\/1140\/revisions"}],"predecessor-version":[{"id":1146,"href":"https:\/\/art-anima.com\/festival\/wp-json\/wp\/v2\/posts\/1140\/revisions\/1146"}],"wp:featuredmedia":[{"embeddable":true,"href":"https:\/\/art-anima.com\/festival\/wp-json\/wp\/v2\/media\/1141"}],"wp:attachment":[{"href":"https:\/\/art-anima.com\/festival\/wp-json\/wp\/v2\/media?parent=1140"}],"wp:term":[{"taxonomy":"category","embeddable":true,"href":"https:\/\/art-anima.com\/festival\/wp-json\/wp\/v2\/categories?post=1140"},{"taxonomy":"post_tag","embeddable":true,"href":"https:\/\/art-anima.com\/festival\/wp-json\/wp\/v2\/tags?post=1140"}],"curies":[{"name":"wp","href":"https:\/\/api.w.org\/{rel}","templated":true}]}}